{"id":185,"date":"2019-11-01T15:21:00","date_gmt":"2019-11-01T15:21:00","guid":{"rendered":"http:\/\/inklusiv-unterwegs.de\/?p=185"},"modified":"2024-01-13T00:39:33","modified_gmt":"2024-01-13T00:39:33","slug":"ueber-mich","status":"publish","type":"post","link":"https:\/\/inklusiv-unterwegs.de\/?p=185","title":{"rendered":"\u00dcber mich"},"content":{"rendered":"\t\t<div data-elementor-type=\"wp-post\" data-elementor-id=\"185\" class=\"elementor elementor-185\" data-elementor-post-type=\"post\">\n\t\t\t\t\t\t<section class=\"elementor-section elementor-top-section elementor-element elementor-element-3f1bb3d elementor-section-boxed elementor-section-height-default elementor-section-height-default wpr-particle-no wpr-jarallax-no wpr-parallax-no wpr-sticky-section-no wpr-equal-height-no\" data-id=\"3f1bb3d\" data-element_type=\"section\" data-e-type=\"section\">\n\t\t\t\t\t\t<div class=\"elementor-container elementor-column-gap-default\">\n\t\t\t\t\t<div class=\"elementor-column elementor-col-100 elementor-top-column elementor-element elementor-element-4adea36\" data-id=\"4adea36\" data-element_type=\"column\" data-e-type=\"column\">\n\t\t\t<div class=\"elementor-widget-wrap elementor-element-populated\">\n\t\t\t\t\t\t<div class=\"elementor-element elementor-element-1007146 elementor-widget elementor-widget-text-editor\" data-id=\"1007146\" data-element_type=\"widget\" data-e-type=\"widget\" data-widget_type=\"text-editor.default\">\n\t\t\t\t<div class=\"elementor-widget-container\">\n\t\t\t\t\t\t\t\t\t<p>Hallo! Sch\u00f6n dass du da bist!<\/p><p>Ich hei\u00dfe Tanja Kroker und habe zwei S\u00f6hne. Der Gro\u00dfe geht aufs Gymnasium, der Kleine an eine Schule f\u00fcr Kinder mit einer geistigen Behinderung. Seit bald 14 Jahren sind wir als Familie inklusiv unterwegs. Auf dieser Seite berichte ich \u00fcber meine Erfahrungen als Mutter eines Kindes mit Down Syndrom und \u00fcber die Herausforderung meinen Sohn ohne Handicap in all dem Trubel nicht zu \u00fcbersehen.<\/p><p>Ich erz\u00e4hle von meiner Arbeit als Lehrerin am Gymnasium Dorfen und \u00fcber unseren Wahlunterricht &#8222;inklusiv unterwegs&#8220;. Ich schreibe \u00fcber die Dinge die mich freuen und \u00fcber tolle Menschen, die meinen Lebensweg kreuzen.<\/p>\t\t\t\t\t\t\t\t<\/div>\n\t\t\t\t<\/div>\n\t\t\t\t\t<\/div>\n\t\t<\/div>\n\t\t\t\t\t<\/div>\n\t\t<\/section>\n\t\t\t\t<section class=\"elementor-section elementor-top-section elementor-element elementor-element-7f33291 elementor-section-boxed elementor-section-height-default elementor-section-height-default wpr-particle-no wpr-jarallax-no wpr-parallax-no wpr-sticky-section-no wpr-equal-height-no\" data-id=\"7f33291\" data-element_type=\"section\" data-e-type=\"section\">\n\t\t\t\t\t\t<div class=\"elementor-container elementor-column-gap-default\">\n\t\t\t\t\t<div class=\"elementor-column elementor-col-100 elementor-top-column elementor-element elementor-element-3ba0183\" data-id=\"3ba0183\" data-element_type=\"column\" data-e-type=\"column\">\n\t\t\t<div class=\"elementor-widget-wrap elementor-element-populated\">\n\t\t\t\t\t\t<div class=\"elementor-element elementor-element-45cd28d elementor-widget elementor-widget-text-editor\" data-id=\"45cd28d\" data-element_type=\"widget\" data-e-type=\"widget\" data-widget_type=\"text-editor.default\">\n\t\t\t\t<div class=\"elementor-widget-container\">\n\t\t\t\t\t\t\t\t\t<p>Immer wieder gibt es Aufreger im Alltag. Sie k\u00f6nnen Einem den Idealismus rauben, sich in irgendeiner Weise gesellschaftlich zu engagieren.<\/p><p>Damit das nicht passiert, schreibe ich dieses Blog. Im Schreiben wird mir bewusst, dass doch was vorw\u00e4rts geht. In kleinen Schritten, aber es geht vorw\u00e4rts. Das haben mir die letzten 14 Jahre bewiesen.<\/p>\t\t\t\t\t\t\t\t<\/div>\n\t\t\t\t<\/div>\n\t\t\t\t\t<\/div>\n\t\t<\/div>\n\t\t\t\t\t<\/div>\n\t\t<\/section>\n\t\t\t\t<section class=\"elementor-section elementor-top-section elementor-element elementor-element-67fef37 elementor-section-boxed elementor-section-height-default elementor-section-height-default wpr-particle-no wpr-jarallax-no wpr-parallax-no wpr-sticky-section-no wpr-equal-height-no\" data-id=\"67fef37\" data-element_type=\"section\" data-e-type=\"section\">\n\t\t\t\t\t\t<div class=\"elementor-container elementor-column-gap-default\">\n\t\t\t\t\t<div class=\"elementor-column elementor-col-100 elementor-top-column elementor-element elementor-element-8c24151\" data-id=\"8c24151\" data-element_type=\"column\" data-e-type=\"column\">\n\t\t\t<div class=\"elementor-widget-wrap elementor-element-populated\">\n\t\t\t\t\t\t<div class=\"elementor-element elementor-element-90c8919 elementor-widget elementor-widget-text-editor\" data-id=\"90c8919\" data-element_type=\"widget\" data-e-type=\"widget\" data-widget_type=\"text-editor.default\">\n\t\t\t\t<div class=\"elementor-widget-container\">\n\t\t\t\t\t\t\t\t\t<p>Viele Dinge, die mir am Herzen liegen, erscheinen im Vergleich zur Welt- und Tagespolitik unscheinbar und unwichtig zu sein. Genau deswegen will ich hier dar\u00fcber berichten und mich nicht entmutigen lassen. Unsere Erfahrungen sind es genauso wert erz\u00e4hlt zu werden, wie die Erfahrungen eines jeden anderen Menschen.<\/p>\t\t\t\t\t\t\t\t<\/div>\n\t\t\t\t<\/div>\n\t\t\t\t\t<\/div>\n\t\t<\/div>\n\t\t\t\t\t<\/div>\n\t\t<\/section>\n\t\t\t\t<section class=\"elementor-section elementor-top-section elementor-element elementor-element-6bc051a elementor-section-boxed elementor-section-height-default elementor-section-height-default wpr-particle-no wpr-jarallax-no wpr-parallax-no wpr-sticky-section-no wpr-equal-height-no\" data-id=\"6bc051a\" data-element_type=\"section\" data-e-type=\"section\">\n\t\t\t\t\t\t<div class=\"elementor-container elementor-column-gap-default\">\n\t\t\t\t\t<div class=\"elementor-column elementor-col-100 elementor-top-column elementor-element elementor-element-b531fec\" data-id=\"b531fec\" data-element_type=\"column\" data-e-type=\"column\">\n\t\t\t<div class=\"elementor-widget-wrap elementor-element-populated\">\n\t\t\t\t\t\t<div class=\"elementor-element elementor-element-175131b elementor-widget elementor-widget-text-editor\" data-id=\"175131b\" data-element_type=\"widget\" data-e-type=\"widget\" data-widget_type=\"text-editor.default\">\n\t\t\t\t<div class=\"elementor-widget-container\">\n\t\t\t\t\t\t\t\t\t<p>Ich hoffe andere Eltern, die ein Kind mit einer Behinderung haben, ermutigen zu k\u00f6nnen sich \u00f6ffentlich zu zeigen und gesellschaftlich zu engagieren.\u00a0 Denn wie sagt ein afrikanisches Sprichwort so sch\u00f6n:<\/p>\t\t\t\t\t\t\t\t<\/div>\n\t\t\t\t<\/div>\n\t\t\t\t\t<\/div>\n\t\t<\/div>\n\t\t\t\t\t<\/div>\n\t\t<\/section>\n\t\t\t\t<section class=\"elementor-section elementor-top-section elementor-element elementor-element-0be3971 elementor-section-boxed elementor-section-height-default elementor-section-height-default wpr-particle-no wpr-jarallax-no wpr-parallax-no wpr-sticky-section-no wpr-equal-height-no\" data-id=\"0be3971\" data-element_type=\"section\" data-e-type=\"section\">\n\t\t\t\t\t\t<div class=\"elementor-container elementor-column-gap-default\">\n\t\t\t\t\t<div class=\"elementor-column elementor-col-100 elementor-top-column elementor-element elementor-element-1174fb8\" data-id=\"1174fb8\" data-element_type=\"column\" data-e-type=\"column\">\n\t\t\t<div class=\"elementor-widget-wrap elementor-element-populated\">\n\t\t\t\t\t\t<div class=\"elementor-element elementor-element-9a16eee elementor-widget elementor-widget-text-editor\" data-id=\"9a16eee\" data-element_type=\"widget\" data-e-type=\"widget\" data-widget_type=\"text-editor.default\">\n\t\t\t\t<div class=\"elementor-widget-container\">\n\t\t\t\t\t\t\t\t\t<p>\u201eViele kleine Leute, <br \/>an vielen kleinen Orten, <br \/>die viele kleine Dinge tun, <br \/>werden das Angesicht der Erde ver\u00e4ndern.\u201c<\/p>\t\t\t\t\t\t\t\t<\/div>\n\t\t\t\t<\/div>\n\t\t\t\t\t<\/div>\n\t\t<\/div>\n\t\t\t\t\t<\/div>\n\t\t<\/section>\n\t\t\t\t<section class=\"elementor-section elementor-top-section elementor-element elementor-element-51a23ce elementor-section-boxed elementor-section-height-default elementor-section-height-default wpr-particle-no wpr-jarallax-no wpr-parallax-no wpr-sticky-section-no wpr-equal-height-no\" data-id=\"51a23ce\" data-element_type=\"section\" data-e-type=\"section\">\n\t\t\t\t\t\t<div class=\"elementor-container elementor-column-gap-default\">\n\t\t\t\t\t<div class=\"elementor-column elementor-col-100 elementor-top-column elementor-element elementor-element-207f3da\" data-id=\"207f3da\" data-element_type=\"column\" data-e-type=\"column\">\n\t\t\t<div class=\"elementor-widget-wrap elementor-element-populated\">\n\t\t\t\t\t\t<div class=\"elementor-element elementor-element-5949b43 elementor-widget elementor-widget-text-editor\" data-id=\"5949b43\" data-element_type=\"widget\" data-e-type=\"widget\" data-widget_type=\"text-editor.default\">\n\t\t\t\t<div class=\"elementor-widget-container\">\n\t\t\t\t\t\t\t\t\t<p>Lasst uns dabei mitmachen! <\/p>\t\t\t\t\t\t\t\t<\/div>\n\t\t\t\t<\/div>\n\t\t\t\t\t<\/div>\n\t\t<\/div>\n\t\t\t\t\t<\/div>\n\t\t<\/section>\n\t\t\t\t<\/div>\n\t\t","protected":false},"excerpt":{"rendered":"<p>Hallo! Sch\u00f6n dass du da bist! Ich hei\u00dfe Tanja Kroker und habe zwei S\u00f6hne. Der Gro\u00dfe geht aufs Gymnasium, der Kleine an eine Schule f\u00fcr Kinder mit einer geistigen Behinderung. Seit bald 14 Jahren sind wir als Familie inklusiv unterwegs. Auf dieser Seite berichte ich \u00fcber meine Erfahrungen als Mutter eines Kindes mit Down Syndrom und \u00fcber die Herausforderung meinen Sohn ohne Handicap in all dem Trubel nicht zu \u00fcbersehen. Ich erz\u00e4hle von meiner Arbeit als Lehrerin am Gymnasium Dorfen und \u00fcber unseren Wahlunterricht &#8222;inklusiv unterwegs&#8220;. Ich schreibe \u00fcber die Dinge die mich freuen und \u00fcber tolle Menschen, die meinen Lebensweg kreuzen. Immer wieder gibt es Aufreger im Alltag. Sie k\u00f6nnen Einem den Idealismus rauben, sich in irgendeiner Weise gesellschaftlich zu engagieren. Damit das nicht passiert, schreibe ich dieses Blog. Im Schreiben wird mir bewusst, dass doch was vorw\u00e4rts geht. In kleinen Schritten, aber es geht vorw\u00e4rts. Das haben mir die letzten 14 Jahre bewiesen. Viele Dinge, die mir am Herzen liegen, erscheinen im Vergleich zur Welt- und Tagespolitik unscheinbar und unwichtig zu sein. Genau deswegen will ich hier dar\u00fcber berichten und mich nicht entmutigen lassen. Unsere Erfahrungen sind es genauso wert erz\u00e4hlt zu werden, wie die Erfahrungen eines jeden anderen Menschen. Ich hoffe andere Eltern, die ein Kind mit einer Behinderung haben, ermutigen zu k\u00f6nnen sich \u00f6ffentlich zu zeigen und gesellschaftlich zu engagieren.\u00a0 Denn wie sagt ein afrikanisches Sprichwort so sch\u00f6n: \u201eViele kleine Leute, an vielen kleinen Orten, die viele kleine Dinge tun, werden das Angesicht der Erde ver\u00e4ndern.\u201c Lasst uns dabei mitmachen!<\/p>\n","protected":false},"author":1,"featured_media":0,"comment_status":"closed","ping_status":"closed","sticky":false,"template":"","format":"standard","meta":{"footnotes":""},"categories":[83],"tags":[],"class_list":["post-185","post","type-post","status-publish","format-standard","hentry","category-ueber-mich"],"acf":[],"_links":{"self":[{"href":"https:\/\/inklusiv-unterwegs.de\/index.php?rest_route=\/wp\/v2\/posts\/185","targetHints":{"allow":["GET"]}}],"collection":[{"href":"https:\/\/inklusiv-unterwegs.de\/index.php?rest_route=\/wp\/v2\/posts"}],"about":[{"href":"https:\/\/inklusiv-unterwegs.de\/index.php?rest_route=\/wp\/v2\/types\/post"}],"author":[{"embeddable":true,"href":"https:\/\/inklusiv-unterwegs.de\/index.php?rest_route=\/wp\/v2\/users\/1"}],"replies":[{"embeddable":true,"href":"https:\/\/inklusiv-unterwegs.de\/index.php?rest_route=%2Fwp%2Fv2%2Fcomments&post=185"}],"version-history":[{"count":22,"href":"https:\/\/inklusiv-unterwegs.de\/index.php?rest_route=\/wp\/v2\/posts\/185\/revisions"}],"predecessor-version":[{"id":555,"href":"https:\/\/inklusiv-unterwegs.de\/index.php?rest_route=\/wp\/v2\/posts\/185\/revisions\/555"}],"wp:attachment":[{"href":"https:\/\/inklusiv-unterwegs.de\/index.php?rest_route=%2Fwp%2Fv2%2Fmedia&parent=185"}],"wp:term":[{"taxonomy":"category","embeddable":true,"href":"https:\/\/inklusiv-unterwegs.de\/index.php?rest_route=%2Fwp%2Fv2%2Fcategories&post=185"},{"taxonomy":"post_tag","embeddable":true,"href":"https:\/\/inklusiv-unterwegs.de\/index.php?rest_route=%2Fwp%2Fv2%2Ftags&post=185"}],"curies":[{"name":"wp","href":"https:\/\/api.w.org\/{rel}","templated":true}]}}