{"id":60,"date":"2019-11-03T21:43:00","date_gmt":"2019-11-03T21:43:00","guid":{"rendered":"http:\/\/inklusiv-unterwegs.de\/?p=60"},"modified":"2019-12-07T03:23:11","modified_gmt":"2019-12-07T03:23:11","slug":"geburtstagsfeier","status":"publish","type":"post","link":"https:\/\/inklusiv-unterwegs.de\/?p=60","title":{"rendered":"Geburtstagsfeier"},"content":{"rendered":"\n<p>Heute waren wir auf einer Geburtstagsfeier. Genauer gesagt\nauf einer Kindergeburtstagsfeier. Mit Kuchen und ungesunden Snacks, Leckereien\nf\u00fcr die Eltern und mit einem echten Clown!<\/p>\n\n\n\n<p>Ach, papperlapapp, das ist doch nichts Besonderes, denkt\njetzt vielleicht jemand. Heute muss man ja was Bieten, sonst f\u00e4llt man negativ\nauf. Kindergeburtstage sind Stress pur. Und teuer! Man braucht ein Programm. Am\nbesten irgendeine Show oder ein Kinobesuch, oder man geht in die Kletterhalle. Alles\nM\u00f6gliche habe ich schon geh\u00f6rt. <\/p>\n\n\n\n<p>F\u00fcr mich war es trotzdem etwas Besonderes. Es war n\u00e4mlich\nkeine \u201enormale\u201c Geburtstagsfeier, sondern die eines geistig behinderten Kindes.\n<\/p>\n\n\n\n<p>Wenn ich so meinen Kleinen anschaue und daran denke, wie\nviele Dinge er leider ziemlich schnell vergisst, dann bin ich schon manchmal\nfrustriert, wenn er sich ohne Hilfe, also ohne Fotos, an bestimmte Ereignisse\nnicht mehr erinnern kann. Und das ist gewiss auch bei anderen Kindern mit einer\ngeistigen Behinderung so. Umso sch\u00f6ner finde ich es, wenn diese \u00c4u\u00dferlichkeiten\nvollkommen wurscht sind. Es wird eine Party aufgezogen, wie bei einem Kind ohne\nHandicap, es wird gefeiert, dass sich die Balken biegen! Und genau das haben\nwir gemacht!<\/p>\n\n\n\n<p>Nach ausgiebigem erstem Toben mit dem Geburtstagskind und\nErkundungen durch das unbekannte Haus gab\u2019s schon mal die erste Essenseinheit.\nSchlie\u00dflich macht Feiern hungrig! Und dann kam die gro\u00dfe \u00dcberraschung: Ein\nechter Clown. Mein Kleiner h\u00e4tte ihn am liebsten gar nicht ins Wohnzimmer\ngelassen. Wahrscheinlich hat er in seinem kurzen Leben mit so vielen\nKrankenhausaufenthalten die Klinik-Clowns im Hinterkopf. Und obwohl diese immer\nspitze waren \u2013 die negative Konnotation ist wohl schon in seinem K\u00f6pfchen\nabgespeichert. Bl\u00f6d gelaufen.<\/p>\n\n\n\n<div class=\"wp-block-image\"><figure class=\"alignright size-large\"><img fetchpriority=\"high\" decoding=\"async\" width=\"371\" height=\"368\" src=\"http:\/\/inklusiv-unterwegs.de\/wp-content\/uploads\/2019\/12\/20191103a.jpg\" alt=\"\" class=\"wp-image-29\" srcset=\"https:\/\/inklusiv-unterwegs.de\/wp-content\/uploads\/2019\/12\/20191103a.jpg 371w, https:\/\/inklusiv-unterwegs.de\/wp-content\/uploads\/2019\/12\/20191103a-300x298.jpg 300w, https:\/\/inklusiv-unterwegs.de\/wp-content\/uploads\/2019\/12\/20191103a-150x150.jpg 150w, https:\/\/inklusiv-unterwegs.de\/wp-content\/uploads\/2019\/12\/20191103a-75x75.jpg 75w\" sizes=\"(max-width: 371px) 100vw, 371px\" \/><\/figure><\/div>\n\n\n\n<p>Da musste nun also\nClown Pippo ran und die schlechten Erinnerungen wegtherapieren. Und aus meinem\nKleinen, der sich am liebsten r\u00fcckw\u00e4rtig durch die Couch und die dahinter\nangrenzende Hauswand magisch verkr\u00fcmelt h\u00e4tte, wurde ein lachender Frechdachs,\nder diesem obervergesslichen Clown st\u00e4ndig helfen musste! Mit lauthals\ngeschrienen Anweisungen, man muss ja sicher sein, dass Pippo auch alles h\u00f6rt.\nBei dem Alter! Wie oft hat er versucht ihm zu erkl\u00e4ren, dass an der Wand ein\nFernseher h\u00e4ngt und kein Aquarium! Das sieht doch jeder! Nur Clown Pippo nicht.\nUnd was hat denn der f\u00fcr komische Jonglierb\u00e4lle? Die Einen fliegen, die Anderen\nbleiben liegen? So ein Chaos! Aber sehr lustig, das alles. <br>\nUnd dann hat Pippo auch noch gezaubert. Einmal Finger da, einmal Finger weg.\nLustig oder gruselig? So ein bisschen von Allem. <\/p>\n\n\n\n<p>Was ich als Mama total sch\u00f6n fand, war nicht nur die lustige\nPerformance, sondern dass Pippo mit einer Nat\u00fcrlichkeit die behinderten Kinder\nin seine Show miteinbezogen hat. Die ganz Mutigen durften auf der\nWohnzimmerb\u00fchne mitmachen. Mein kleiner Angsthase durfte aus der sicheren\nKomfortzone der Couch Anweisungen zum Zaubern erteilen. So war f\u00fcr jeden etwas\ndabei und ich bin mir sicher: An diesen Geburtstag wird sich mein Sohnemann\nauch ohne Fotos erinnern! <\/p>\n\n\n\n<div class=\"wp-block-image\"><figure class=\"alignleft size-large\"><img decoding=\"async\" width=\"179\" height=\"406\" src=\"http:\/\/inklusiv-unterwegs.de\/wp-content\/uploads\/2019\/12\/20191103b.jpg\" alt=\"\" class=\"wp-image-30\" srcset=\"https:\/\/inklusiv-unterwegs.de\/wp-content\/uploads\/2019\/12\/20191103b.jpg 179w, https:\/\/inklusiv-unterwegs.de\/wp-content\/uploads\/2019\/12\/20191103b-132x300.jpg 132w\" sizes=\"(max-width: 179px) 100vw, 179px\" \/><\/figure><\/div>\n\n\n\n<div class=\"wp-block-image\"><figure class=\"alignright size-large\"><img decoding=\"async\" width=\"309\" height=\"412\" src=\"http:\/\/inklusiv-unterwegs.de\/wp-content\/uploads\/2019\/12\/20191103c.jpg\" alt=\"\" class=\"wp-image-31\" srcset=\"https:\/\/inklusiv-unterwegs.de\/wp-content\/uploads\/2019\/12\/20191103c.jpg 309w, https:\/\/inklusiv-unterwegs.de\/wp-content\/uploads\/2019\/12\/20191103c-225x300.jpg 225w\" sizes=\"(max-width: 309px) 100vw, 309px\" \/><\/figure><\/div>\n","protected":false},"excerpt":{"rendered":"<p>Heute waren wir auf einer Geburtstagsfeier. Genauer gesagt auf einer Kindergeburtstagsfeier. Mit Kuchen und ungesunden Snacks, Leckereien f\u00fcr die Eltern und mit einem echten Clown! Ach, papperlapapp, das ist doch nichts Besonderes, denkt jetzt vielleicht jemand. Heute muss man ja was Bieten, sonst f\u00e4llt man negativ auf. Kindergeburtstage sind Stress pur. Und teuer! Man braucht ein Programm. Am besten irgendeine Show oder ein Kinobesuch, oder man geht in die Kletterhalle. Alles M\u00f6gliche habe ich schon geh\u00f6rt. F\u00fcr mich war es trotzdem etwas Besonderes. Es war n\u00e4mlich keine \u201enormale\u201c Geburtstagsfeier, sondern die eines geistig behinderten Kindes. Wenn ich so meinen Kleinen anschaue und daran denke, wie viele Dinge er leider ziemlich schnell vergisst, dann bin ich schon manchmal frustriert, wenn er sich ohne Hilfe, also ohne Fotos, an bestimmte Ereignisse nicht mehr erinnern kann. Und das ist gewiss auch bei anderen Kindern mit einer geistigen Behinderung so. Umso sch\u00f6ner finde ich es, wenn diese \u00c4u\u00dferlichkeiten vollkommen wurscht sind. Es wird eine Party aufgezogen, wie bei einem Kind ohne Handicap, es wird gefeiert, dass sich die Balken biegen! Und genau das haben wir gemacht! Nach ausgiebigem erstem Toben mit dem Geburtstagskind und Erkundungen durch das unbekannte Haus gab\u2019s schon mal die erste Essenseinheit. Schlie\u00dflich macht Feiern hungrig! Und dann kam die gro\u00dfe \u00dcberraschung: Ein echter Clown. Mein Kleiner h\u00e4tte ihn am liebsten gar nicht ins Wohnzimmer gelassen. Wahrscheinlich hat er in seinem kurzen Leben mit so vielen Krankenhausaufenthalten die Klinik-Clowns im Hinterkopf. Und obwohl diese immer spitze waren \u2013 die negative Konnotation ist wohl schon in seinem K\u00f6pfchen abgespeichert. Bl\u00f6d gelaufen. Da musste nun also Clown Pippo ran und die schlechten Erinnerungen wegtherapieren. Und aus meinem Kleinen, der sich am liebsten r\u00fcckw\u00e4rtig durch die Couch und die dahinter angrenzende Hauswand magisch verkr\u00fcmelt h\u00e4tte, wurde ein lachender Frechdachs, der diesem obervergesslichen Clown st\u00e4ndig helfen musste! Mit lauthals geschrienen Anweisungen, man muss ja sicher sein, dass Pippo auch alles h\u00f6rt. Bei dem Alter! Wie oft hat er versucht ihm zu erkl\u00e4ren, dass an der Wand ein Fernseher h\u00e4ngt und kein Aquarium! Das sieht doch jeder! Nur Clown Pippo nicht. Und was hat denn der f\u00fcr komische Jonglierb\u00e4lle? Die Einen fliegen, die Anderen bleiben liegen? So ein Chaos! Aber sehr lustig, das alles. Und dann hat Pippo auch noch gezaubert. Einmal Finger da, einmal Finger weg. Lustig oder gruselig? So ein bisschen von Allem. Was ich als Mama total sch\u00f6n fand, war nicht nur die lustige Performance, sondern dass Pippo mit einer Nat\u00fcrlichkeit die behinderten Kinder in seine Show miteinbezogen hat. Die ganz Mutigen durften auf der Wohnzimmerb\u00fchne mitmachen. Mein kleiner Angsthase durfte aus der sicheren Komfortzone der Couch Anweisungen zum Zaubern erteilen. So war f\u00fcr jeden etwas dabei und ich bin mir sicher: An diesen Geburtstag wird sich mein Sohnemann auch ohne Fotos erinnern!<\/p>\n","protected":false},"author":1,"featured_media":0,"comment_status":"closed","ping_status":"closed","sticky":false,"template":"","format":"standard","meta":{"footnotes":""},"categories":[3],"tags":[24,26,25],"class_list":["post-60","post","type-post","status-publish","format-standard","hentry","category-familie","tag-clown","tag-geburtstagsfeier","tag-klinik-clowns"],"acf":[],"_links":{"self":[{"href":"https:\/\/inklusiv-unterwegs.de\/index.php?rest_route=\/wp\/v2\/posts\/60","targetHints":{"allow":["GET"]}}],"collection":[{"href":"https:\/\/inklusiv-unterwegs.de\/index.php?rest_route=\/wp\/v2\/posts"}],"about":[{"href":"https:\/\/inklusiv-unterwegs.de\/index.php?rest_route=\/wp\/v2\/types\/post"}],"author":[{"embeddable":true,"href":"https:\/\/inklusiv-unterwegs.de\/index.php?rest_route=\/wp\/v2\/users\/1"}],"replies":[{"embeddable":true,"href":"https:\/\/inklusiv-unterwegs.de\/index.php?rest_route=%2Fwp%2Fv2%2Fcomments&post=60"}],"version-history":[{"count":1,"href":"https:\/\/inklusiv-unterwegs.de\/index.php?rest_route=\/wp\/v2\/posts\/60\/revisions"}],"predecessor-version":[{"id":61,"href":"https:\/\/inklusiv-unterwegs.de\/index.php?rest_route=\/wp\/v2\/posts\/60\/revisions\/61"}],"wp:attachment":[{"href":"https:\/\/inklusiv-unterwegs.de\/index.php?rest_route=%2Fwp%2Fv2%2Fmedia&parent=60"}],"wp:term":[{"taxonomy":"category","embeddable":true,"href":"https:\/\/inklusiv-unterwegs.de\/index.php?rest_route=%2Fwp%2Fv2%2Fcategories&post=60"},{"taxonomy":"post_tag","embeddable":true,"href":"https:\/\/inklusiv-unterwegs.de\/index.php?rest_route=%2Fwp%2Fv2%2Ftags&post=60"}],"curies":[{"name":"wp","href":"https:\/\/api.w.org\/{rel}","templated":true}]}}