{"id":676,"date":"2024-05-20T06:52:23","date_gmt":"2024-05-20T06:52:23","guid":{"rendered":"https:\/\/inklusiv-unterwegs.de\/?p=676"},"modified":"2024-05-20T06:54:11","modified_gmt":"2024-05-20T06:54:11","slug":"inklusiv-unterwegs-im-april-2024","status":"publish","type":"post","link":"https:\/\/inklusiv-unterwegs.de\/?p=676","title":{"rendered":"Inklusiv unterwegs im April 2024"},"content":{"rendered":"\t\t<div data-elementor-type=\"wp-post\" data-elementor-id=\"676\" class=\"elementor elementor-676\" data-elementor-post-type=\"post\">\n\t\t\t\t\t\t<section class=\"elementor-section elementor-top-section elementor-element elementor-element-7c73642 elementor-section-boxed elementor-section-height-default elementor-section-height-default wpr-particle-no wpr-jarallax-no wpr-parallax-no wpr-sticky-section-no wpr-equal-height-no\" data-id=\"7c73642\" data-element_type=\"section\" data-e-type=\"section\">\n\t\t\t\t\t\t<div class=\"elementor-container elementor-column-gap-default\">\n\t\t\t\t\t<div class=\"elementor-column elementor-col-100 elementor-top-column elementor-element elementor-element-3bf8477\" data-id=\"3bf8477\" data-element_type=\"column\" data-e-type=\"column\">\n\t\t\t<div class=\"elementor-widget-wrap elementor-element-populated\">\n\t\t\t\t\t\t<div class=\"elementor-element elementor-element-0701e28 elementor-widget elementor-widget-text-editor\" data-id=\"0701e28\" data-element_type=\"widget\" data-e-type=\"widget\" data-widget_type=\"text-editor.default\">\n\t\t\t\t<div class=\"elementor-widget-container\">\n\t\t\t\t\t\t\t\t\t<p>Es wird Fr\u00fchling und dadurch wird unsere Betreuungsarbeit leichter. Wir k\u00f6nnen jetzt n\u00e4mlich in den wundersch\u00f6nen Garten des Mehrgenerationenhauses gehen und dort die Kinder bespa\u00dfen!<\/p>\t\t\t\t\t\t\t\t<\/div>\n\t\t\t\t<\/div>\n\t\t\t\t\t<\/div>\n\t\t<\/div>\n\t\t\t\t\t<\/div>\n\t\t<\/section>\n\t\t\t\t<section class=\"elementor-section elementor-top-section elementor-element elementor-element-213bd80 elementor-section-boxed elementor-section-height-default elementor-section-height-default wpr-particle-no wpr-jarallax-no wpr-parallax-no wpr-sticky-section-no wpr-equal-height-no\" data-id=\"213bd80\" data-element_type=\"section\" data-e-type=\"section\">\n\t\t\t\t\t\t<div class=\"elementor-container elementor-column-gap-default\">\n\t\t\t\t\t<div class=\"elementor-column elementor-col-100 elementor-top-column elementor-element elementor-element-4bc3eda\" data-id=\"4bc3eda\" data-element_type=\"column\" data-e-type=\"column\">\n\t\t\t<div class=\"elementor-widget-wrap elementor-element-populated\">\n\t\t\t\t\t\t<div class=\"elementor-element elementor-element-952bdba elementor-widget elementor-widget-image\" data-id=\"952bdba\" data-element_type=\"widget\" data-e-type=\"widget\" data-widget_type=\"image.default\">\n\t\t\t\t<div class=\"elementor-widget-container\">\n\t\t\t\t\t\t\t\t\t\t\t\t\t\t\t<img fetchpriority=\"high\" decoding=\"async\" width=\"768\" height=\"1024\" src=\"https:\/\/inklusiv-unterwegs.de\/wp-content\/uploads\/2024\/05\/01_Gartenkuscheln-768x1024.jpg\" class=\"attachment-large size-large wp-image-672\" alt=\"\" srcset=\"https:\/\/inklusiv-unterwegs.de\/wp-content\/uploads\/2024\/05\/01_Gartenkuscheln-768x1024.jpg 768w, https:\/\/inklusiv-unterwegs.de\/wp-content\/uploads\/2024\/05\/01_Gartenkuscheln-225x300.jpg 225w, https:\/\/inklusiv-unterwegs.de\/wp-content\/uploads\/2024\/05\/01_Gartenkuscheln.jpg 900w\" sizes=\"(max-width: 768px) 100vw, 768px\" \/>\t\t\t\t\t\t\t\t\t\t\t\t\t\t\t<\/div>\n\t\t\t\t<\/div>\n\t\t\t\t\t<\/div>\n\t\t<\/div>\n\t\t\t\t\t<\/div>\n\t\t<\/section>\n\t\t\t\t<section class=\"elementor-section elementor-top-section elementor-element elementor-element-e41371b elementor-section-boxed elementor-section-height-default elementor-section-height-default wpr-particle-no wpr-jarallax-no wpr-parallax-no wpr-sticky-section-no wpr-equal-height-no\" data-id=\"e41371b\" data-element_type=\"section\" data-e-type=\"section\">\n\t\t\t\t\t\t<div class=\"elementor-container elementor-column-gap-default\">\n\t\t\t\t\t<div class=\"elementor-column elementor-col-100 elementor-top-column elementor-element elementor-element-b26458a\" data-id=\"b26458a\" data-element_type=\"column\" data-e-type=\"column\">\n\t\t\t<div class=\"elementor-widget-wrap elementor-element-populated\">\n\t\t\t\t\t\t<div class=\"elementor-element elementor-element-f31959e elementor-widget elementor-widget-text-editor\" data-id=\"f31959e\" data-element_type=\"widget\" data-e-type=\"widget\" data-widget_type=\"text-editor.default\">\n\t\t\t\t<div class=\"elementor-widget-container\">\n\t\t\t\t\t\t\t\t\t<p>Na, dieses Tandem kenne ich doch schon l\u00e4nger, oder? Wart ihr zwei nicht mal hinter einem Vorhang versteckt? \ud83d\ude09<\/p>\t\t\t\t\t\t\t\t<\/div>\n\t\t\t\t<\/div>\n\t\t\t\t\t<\/div>\n\t\t<\/div>\n\t\t\t\t\t<\/div>\n\t\t<\/section>\n\t\t\t\t<section class=\"elementor-section elementor-top-section elementor-element elementor-element-0733e92 elementor-section-boxed elementor-section-height-default elementor-section-height-default wpr-particle-no wpr-jarallax-no wpr-parallax-no wpr-sticky-section-no wpr-equal-height-no\" data-id=\"0733e92\" data-element_type=\"section\" data-e-type=\"section\">\n\t\t\t\t\t\t<div class=\"elementor-container elementor-column-gap-default\">\n\t\t\t\t\t<div class=\"elementor-column elementor-col-100 elementor-top-column elementor-element elementor-element-afa3778\" data-id=\"afa3778\" data-element_type=\"column\" data-e-type=\"column\">\n\t\t\t<div class=\"elementor-widget-wrap elementor-element-populated\">\n\t\t\t\t\t\t<div class=\"elementor-element elementor-element-42b6862 elementor-widget elementor-widget-image\" data-id=\"42b6862\" data-element_type=\"widget\" data-e-type=\"widget\" data-widget_type=\"image.default\">\n\t\t\t\t<div class=\"elementor-widget-container\">\n\t\t\t\t\t\t\t\t\t\t\t\t\t\t\t<img decoding=\"async\" width=\"768\" height=\"1024\" src=\"https:\/\/inklusiv-unterwegs.de\/wp-content\/uploads\/2024\/05\/02_Kumpels-768x1024.jpg\" class=\"attachment-large size-large wp-image-673\" alt=\"\" srcset=\"https:\/\/inklusiv-unterwegs.de\/wp-content\/uploads\/2024\/05\/02_Kumpels-768x1025.jpg 768w, https:\/\/inklusiv-unterwegs.de\/wp-content\/uploads\/2024\/05\/02_Kumpels-225x300.jpg 225w, https:\/\/inklusiv-unterwegs.de\/wp-content\/uploads\/2024\/05\/02_Kumpels.jpg 907w\" sizes=\"(max-width: 768px) 100vw, 768px\" \/>\t\t\t\t\t\t\t\t\t\t\t\t\t\t\t<\/div>\n\t\t\t\t<\/div>\n\t\t\t\t\t<\/div>\n\t\t<\/div>\n\t\t\t\t\t<\/div>\n\t\t<\/section>\n\t\t\t\t<section class=\"elementor-section elementor-top-section elementor-element elementor-element-4d1bf7c elementor-section-boxed elementor-section-height-default elementor-section-height-default wpr-particle-no wpr-jarallax-no wpr-parallax-no wpr-sticky-section-no wpr-equal-height-no\" data-id=\"4d1bf7c\" data-element_type=\"section\" data-e-type=\"section\">\n\t\t\t\t\t\t<div class=\"elementor-container elementor-column-gap-default\">\n\t\t\t\t\t<div class=\"elementor-column elementor-col-100 elementor-top-column elementor-element elementor-element-9c99614\" data-id=\"9c99614\" data-element_type=\"column\" data-e-type=\"column\">\n\t\t\t<div class=\"elementor-widget-wrap elementor-element-populated\">\n\t\t\t\t\t\t<div class=\"elementor-element elementor-element-6bd8707 elementor-widget elementor-widget-text-editor\" data-id=\"6bd8707\" data-element_type=\"widget\" data-e-type=\"widget\" data-widget_type=\"text-editor.default\">\n\t\t\t\t<div class=\"elementor-widget-container\">\n\t\t\t\t\t\t\t\t\t<p>Mein Sohnemann bekommt diesmal 2 Jungs als Betreuer ab! Was f\u00fcr ein Luxus! Jetzt fehlt nur noch das zu betreuende Kind. Wo bleibt er nur? Gott sei Dank gibt\u2019s viele B\u00e4nke im MGH.<\/p><p>Wir schaffen es alle Kinder zu einem Foto zusammenzutrommeln. Alle bleiben sitzen, niemand l\u00e4uft weg und das Foto wird sogar sch\u00f6n!<\/p>\t\t\t\t\t\t\t\t<\/div>\n\t\t\t\t<\/div>\n\t\t\t\t\t<\/div>\n\t\t<\/div>\n\t\t\t\t\t<\/div>\n\t\t<\/section>\n\t\t\t\t<section class=\"elementor-section elementor-top-section elementor-element elementor-element-9d7bbeb elementor-section-boxed elementor-section-height-default elementor-section-height-default wpr-particle-no wpr-jarallax-no wpr-parallax-no wpr-sticky-section-no wpr-equal-height-no\" data-id=\"9d7bbeb\" data-element_type=\"section\" data-e-type=\"section\">\n\t\t\t\t\t\t<div class=\"elementor-container elementor-column-gap-default\">\n\t\t\t\t\t<div class=\"elementor-column elementor-col-100 elementor-top-column elementor-element elementor-element-9c2bf43\" data-id=\"9c2bf43\" data-element_type=\"column\" data-e-type=\"column\">\n\t\t\t<div class=\"elementor-widget-wrap elementor-element-populated\">\n\t\t\t\t\t\t<div class=\"elementor-element elementor-element-311d5f5 elementor-widget elementor-widget-image\" data-id=\"311d5f5\" data-element_type=\"widget\" data-e-type=\"widget\" data-widget_type=\"image.default\">\n\t\t\t\t<div class=\"elementor-widget-container\">\n\t\t\t\t\t\t\t\t\t\t\t\t\t\t\t<img decoding=\"async\" width=\"960\" height=\"744\" src=\"https:\/\/inklusiv-unterwegs.de\/wp-content\/uploads\/2024\/05\/03_Spendenuebergabe-1024x794.jpg\" class=\"attachment-large size-large wp-image-674\" alt=\"\" srcset=\"https:\/\/inklusiv-unterwegs.de\/wp-content\/uploads\/2024\/05\/03_Spendenuebergabe-1024x794.jpg 1024w, https:\/\/inklusiv-unterwegs.de\/wp-content\/uploads\/2024\/05\/03_Spendenuebergabe-300x233.jpg 300w, https:\/\/inklusiv-unterwegs.de\/wp-content\/uploads\/2024\/05\/03_Spendenuebergabe-768x596.jpg 768w, https:\/\/inklusiv-unterwegs.de\/wp-content\/uploads\/2024\/05\/03_Spendenuebergabe-1140x884.jpg 1140w, https:\/\/inklusiv-unterwegs.de\/wp-content\/uploads\/2024\/05\/03_Spendenuebergabe.jpg 1523w\" sizes=\"(max-width: 960px) 100vw, 960px\" \/>\t\t\t\t\t\t\t\t\t\t\t\t\t\t\t<\/div>\n\t\t\t\t<\/div>\n\t\t\t\t\t<\/div>\n\t\t<\/div>\n\t\t\t\t\t<\/div>\n\t\t<\/section>\n\t\t\t\t<section class=\"elementor-section elementor-top-section elementor-element elementor-element-fb5c42f elementor-section-boxed elementor-section-height-default elementor-section-height-default wpr-particle-no wpr-jarallax-no wpr-parallax-no wpr-sticky-section-no wpr-equal-height-no\" data-id=\"fb5c42f\" data-element_type=\"section\" data-e-type=\"section\">\n\t\t\t\t\t\t<div class=\"elementor-container elementor-column-gap-default\">\n\t\t\t\t\t<div class=\"elementor-column elementor-col-100 elementor-top-column elementor-element elementor-element-3e0581e\" data-id=\"3e0581e\" data-element_type=\"column\" data-e-type=\"column\">\n\t\t\t<div class=\"elementor-widget-wrap elementor-element-populated\">\n\t\t\t\t\t\t<div class=\"elementor-element elementor-element-aba8319 elementor-widget elementor-widget-text-editor\" data-id=\"aba8319\" data-element_type=\"widget\" data-e-type=\"widget\" data-widget_type=\"text-editor.default\">\n\t\t\t\t<div class=\"elementor-widget-container\">\n\t\t\t\t\t\t\t\t\t<p>Die Firma Schlagmann spendet den Kunterbunten Familien e.V. 2400,- Euro! Herr Matthias Killinger (vorne links) \u00fcberreicht uns den Scheck. Wir finden das super! H\u00e4nde hoch f\u00fcr unsere Spender! Danke, dass wir die Ehre haben diese gro\u00dfz\u00fcgige Spende entgegennehmen zu d\u00fcrfen. Sie geht zu 100% an die Kinder des Vereins und ihre Inklusionshelfer\/-innen.<\/p>\t\t\t\t\t\t\t\t<\/div>\n\t\t\t\t<\/div>\n\t\t\t\t\t<\/div>\n\t\t<\/div>\n\t\t\t\t\t<\/div>\n\t\t<\/section>\n\t\t\t\t<section class=\"elementor-section elementor-top-section elementor-element elementor-element-50436ef elementor-section-boxed elementor-section-height-default elementor-section-height-default wpr-particle-no wpr-jarallax-no wpr-parallax-no wpr-sticky-section-no wpr-equal-height-no\" data-id=\"50436ef\" data-element_type=\"section\" data-e-type=\"section\">\n\t\t\t\t\t\t<div class=\"elementor-container elementor-column-gap-default\">\n\t\t\t\t\t<div class=\"elementor-column elementor-col-100 elementor-top-column elementor-element elementor-element-74b95fd\" data-id=\"74b95fd\" data-element_type=\"column\" data-e-type=\"column\">\n\t\t\t<div class=\"elementor-widget-wrap elementor-element-populated\">\n\t\t\t\t\t\t<div class=\"elementor-element elementor-element-a2f69c5 elementor-widget elementor-widget-image\" data-id=\"a2f69c5\" data-element_type=\"widget\" data-e-type=\"widget\" data-widget_type=\"image.default\">\n\t\t\t\t<div class=\"elementor-widget-container\">\n\t\t\t\t\t\t\t\t\t\t\t\t\t\t\t<img loading=\"lazy\" decoding=\"async\" width=\"768\" height=\"1024\" src=\"https:\/\/inklusiv-unterwegs.de\/wp-content\/uploads\/2024\/05\/04_Cooler-Nachwuchs_1-768x1024.jpg\" class=\"attachment-large size-large wp-image-675\" alt=\"\" srcset=\"https:\/\/inklusiv-unterwegs.de\/wp-content\/uploads\/2024\/05\/04_Cooler-Nachwuchs_1-768x1025.jpg 768w, https:\/\/inklusiv-unterwegs.de\/wp-content\/uploads\/2024\/05\/04_Cooler-Nachwuchs_1-225x300.jpg 225w, https:\/\/inklusiv-unterwegs.de\/wp-content\/uploads\/2024\/05\/04_Cooler-Nachwuchs_1.jpg 907w\" sizes=\"(max-width: 768px) 100vw, 768px\" \/>\t\t\t\t\t\t\t\t\t\t\t\t\t\t\t<\/div>\n\t\t\t\t<\/div>\n\t\t\t\t\t<\/div>\n\t\t<\/div>\n\t\t\t\t\t<\/div>\n\t\t<\/section>\n\t\t\t\t<section class=\"elementor-section elementor-top-section elementor-element elementor-element-4e5d971 elementor-section-boxed elementor-section-height-default elementor-section-height-default wpr-particle-no wpr-jarallax-no wpr-parallax-no wpr-sticky-section-no wpr-equal-height-no\" data-id=\"4e5d971\" data-element_type=\"section\" data-e-type=\"section\">\n\t\t\t\t\t\t<div class=\"elementor-container elementor-column-gap-default\">\n\t\t\t\t\t<div class=\"elementor-column elementor-col-100 elementor-top-column elementor-element elementor-element-82c0d04\" data-id=\"82c0d04\" data-element_type=\"column\" data-e-type=\"column\">\n\t\t\t<div class=\"elementor-widget-wrap elementor-element-populated\">\n\t\t\t\t\t\t<div class=\"elementor-element elementor-element-1896cd9 elementor-widget elementor-widget-text-editor\" data-id=\"1896cd9\" data-element_type=\"widget\" data-e-type=\"widget\" data-widget_type=\"text-editor.default\">\n\t\t\t\t<div class=\"elementor-widget-container\">\n\t\t\t\t\t\t\t\t\t<p>Auch unsere Kleinsten sind der Meinung: Cooler geht\u2019s nicht!<\/p>\t\t\t\t\t\t\t\t<\/div>\n\t\t\t\t<\/div>\n\t\t\t\t\t<\/div>\n\t\t<\/div>\n\t\t\t\t\t<\/div>\n\t\t<\/section>\n\t\t\t\t<\/div>\n\t\t","protected":false},"excerpt":{"rendered":"<p>Es wird Fr\u00fchling und dadurch wird unsere Betreuungsarbeit leichter. Wir k\u00f6nnen jetzt n\u00e4mlich in den wundersch\u00f6nen Garten des Mehrgenerationenhauses gehen und dort die Kinder bespa\u00dfen! Na, dieses Tandem kenne ich doch schon l\u00e4nger, oder? Wart ihr zwei nicht mal hinter einem Vorhang versteckt? &#x1f609; Mein Sohnemann bekommt diesmal 2 Jungs als Betreuer ab! Was f\u00fcr ein Luxus! Jetzt fehlt nur noch das zu betreuende Kind. Wo bleibt er nur? Gott sei Dank gibt\u2019s viele B\u00e4nke im MGH. Wir schaffen es alle Kinder zu einem Foto zusammenzutrommeln. Alle bleiben sitzen, niemand l\u00e4uft weg und das Foto wird sogar sch\u00f6n! Die Firma Schlagmann spendet den Kunterbunten Familien e.V. 2400,- Euro! Herr Matthias Killinger (vorne links) \u00fcberreicht uns den Scheck. Wir finden das super! H\u00e4nde hoch f\u00fcr unsere Spender! Danke, dass wir die Ehre haben diese gro\u00dfz\u00fcgige Spende entgegennehmen zu d\u00fcrfen. Sie geht zu 100% an die Kinder des Vereins und ihre Inklusionshelfer\/-innen. Auch unsere Kleinsten sind der Meinung: Cooler geht\u2019s nicht!<\/p>\n","protected":false},"author":1,"featured_media":671,"comment_status":"closed","ping_status":"closed","sticky":false,"template":"","format":"standard","meta":{"footnotes":""},"categories":[4,5],"tags":[],"class_list":["post-676","post","type-post","status-publish","format-standard","has-post-thumbnail","hentry","category-schule","category-verein"],"acf":[],"_links":{"self":[{"href":"https:\/\/inklusiv-unterwegs.de\/index.php?rest_route=\/wp\/v2\/posts\/676","targetHints":{"allow":["GET"]}}],"collection":[{"href":"https:\/\/inklusiv-unterwegs.de\/index.php?rest_route=\/wp\/v2\/posts"}],"about":[{"href":"https:\/\/inklusiv-unterwegs.de\/index.php?rest_route=\/wp\/v2\/types\/post"}],"author":[{"embeddable":true,"href":"https:\/\/inklusiv-unterwegs.de\/index.php?rest_route=\/wp\/v2\/users\/1"}],"replies":[{"embeddable":true,"href":"https:\/\/inklusiv-unterwegs.de\/index.php?rest_route=%2Fwp%2Fv2%2Fcomments&post=676"}],"version-history":[{"count":4,"href":"https:\/\/inklusiv-unterwegs.de\/index.php?rest_route=\/wp\/v2\/posts\/676\/revisions"}],"predecessor-version":[{"id":680,"href":"https:\/\/inklusiv-unterwegs.de\/index.php?rest_route=\/wp\/v2\/posts\/676\/revisions\/680"}],"wp:featuredmedia":[{"embeddable":true,"href":"https:\/\/inklusiv-unterwegs.de\/index.php?rest_route=\/wp\/v2\/media\/671"}],"wp:attachment":[{"href":"https:\/\/inklusiv-unterwegs.de\/index.php?rest_route=%2Fwp%2Fv2%2Fmedia&parent=676"}],"wp:term":[{"taxonomy":"category","embeddable":true,"href":"https:\/\/inklusiv-unterwegs.de\/index.php?rest_route=%2Fwp%2Fv2%2Fcategories&post=676"},{"taxonomy":"post_tag","embeddable":true,"href":"https:\/\/inklusiv-unterwegs.de\/index.php?rest_route=%2Fwp%2Fv2%2Ftags&post=676"}],"curies":[{"name":"wp","href":"https:\/\/api.w.org\/{rel}","templated":true}]}}